{"provider_url": "https://www.itaunadosul.pr.leg.br", "title": "Telefones, endere\u00e7os e e-mails oficiais", "html": "<table class=\"listing\">\r\n<tbody>\r\n<tr><th colspan=\"2\" style=\"text-align: center; \">Presid\u00eancia</th></tr>\r\n<tr>\r\n<td>Telefone</td>\r\n<td>\r\n<p>Temporariamente Indispon\u00edvel</p>\r\n</td>\r\n</tr>\r\n<tr>\r\n<td>E-mail</td>\r\n<td>\r\n<p>presidencia@itaunadosul.pr.leg.br</p>\r\n</td>\r\n</tr>\r\n<tr>\r\n<td>Endere\u00e7o</td>\r\n<td>Avenida Brasil, 883, Centro, CEP 87980-000</td>\r\n</tr>\r\n<tr>\r\n<td>Respons\u00e1vel</td>\r\n<td>Valdeir Aparecido Laureano</td>\r\n</tr>\r\n<tr>\r\n<td>Hor\u00e1rio de atendimento</td>\r\n<td>Manh\u00e3, 8:00 \u00e0s 12:00 / Tarde, 13:00 \u00e0s 17:00</td>\r\n</tr>\r\n</tbody>\r\n</table>\r\n<table class=\"listing\">\r\n<tbody>\r\n<tr><th colspan=\"2\" style=\"text-align: center; \"><b>Assessoria Parlamentar</b></th></tr>\r\n<tr>\r\n<td>Telefone</td>\r\n<td>Temporariamente Indispon\u00edvel</td>\r\n</tr>\r\n<tr>\r\n<td>E-mail</td>\r\n<td>secretariaparlamentar@itaunadosul.pr.leg.br</td>\r\n</tr>\r\n<tr>\r\n<td>Endere\u00e7o</td>\r\n<td>Avenida Brasil, 883, Centro, CEP 87980-000</td>\r\n</tr>\r\n<tr>\r\n<td>Respons\u00e1vel</td>\r\n<td>Beatriz de Souza Silva Santos</td>\r\n</tr>\r\n<tr>\r\n<td>Hor\u00e1rio de atendimento</td>\r\n<td>Manh\u00e3, 8:00 \u00e0s 12:00 / Tarde, 13:00 \u00e0s 17:00</td>\r\n</tr>\r\n</tbody>\r\n</table>\r\n<table class=\"listing\">\r\n<tbody>\r\n<tr><th colspan=\"2\" style=\"text-align: center; \"><b>Departamento de Contabilidade</b></th></tr>\r\n<tr>\r\n<td>Telefone</td>\r\n<td>Temporariamente Indispon\u00edvel</td>\r\n</tr>\r\n<tr>\r\n<td>E-mail</td>\r\n<td>contabilidade@itaunadosul.pr.leg.br</td>\r\n</tr>\r\n<tr>\r\n<td>Endere\u00e7o</td>\r\n<td>Avenida Brasil, 883, Centro, CEP 87980-000</td>\r\n</tr>\r\n<tr>\r\n<td>Respons\u00e1vel</td>\r\n<td>Anapaula Vianna da Silva</td>\r\n</tr>\r\n<tr>\r\n<td>Hor\u00e1rio de atendimento</td>\r\n<td>Tarde, das 13:00 \u00e0s 17:00.</td>\r\n</tr>\r\n</tbody>\r\n</table>\r\n<table class=\"listing\">\r\n<tbody>\r\n<tr><th colspan=\"2\" style=\"text-align: center; \"><b>Departamento Jur\u00eddico</b></th></tr>\r\n<tr>\r\n<td>Telefone</td>\r\n<td>Temporariamente Indispon\u00edvel</td>\r\n</tr>\r\n<tr>\r\n<td>E-mail</td>\r\n<td>procuradoriajuridica@itaunadosul.pr.leg.br</td>\r\n</tr>\r\n<tr>\r\n<td>Endere\u00e7o</td>\r\n<td>Avenida Brasil, 883, Centro, CEP 87980-000</td>\r\n</tr>\r\n<tr>\r\n<td>Respons\u00e1vel</td>\r\n<td>Susana Lehmkuhl de Souza Anziliero</td>\r\n</tr>\r\n<tr>\r\n<td>Hor\u00e1rio de atendimento</td>\r\n<td>Manh\u00e3, das 08:00 \u00e0s 12:00.</td>\r\n</tr>\r\n</tbody>\r\n</table>\r\n<table class=\"listing\">\r\n<tbody>\r\n<tr><th colspan=\"2\" style=\"text-align: center; \"><b>Atendimento | Contato</b></th></tr>\r\n<tr>\r\n<td>Telefone</td>\r\n<td>Temporariamente Indispon\u00edvel</td>\r\n</tr>\r\n<tr>\r\n<td>E-mail</td>\r\n<td>contato@itaunadosul.pr.leg.br</td>\r\n</tr>\r\n<tr>\r\n<td>Endere\u00e7o</td>\r\n<td>Avenida Brasil, 883, Centro, CEP 87980-000</td>\r\n</tr>\r\n<tr>\r\n<td>Respons\u00e1vel</td>\r\n<td>Walter Fernandes Pedrosa Junior</td>\r\n</tr>\r\n<tr>\r\n<td>Hor\u00e1rio de atendimento</td>\r\n<td>Manh\u00e3, 8:00 \u00e0s 12:00 / Tarde, 13:00 \u00e0s 17:00</td>\r\n</tr>\r\n</tbody>\r\n</table>\r\n<p>\u00a0</p>\r\n<table class=\"listing\"><caption><b>DEMAIS E-MAILS</b></caption>\r\n<tbody>\r\n<tr><th>Divis\u00e3o</th><th>E-mail</th></tr>\r\n<tr>\r\n<td>Ouvidoria</td>\r\n<td>ouvidoria@itaunadosul.pr.leg.br</td>\r\n</tr>\r\n<tr>\r\n<td>Protocolo</td>\r\n<td>protocolo@itaunadosul.pr.leg.br</td>\r\n</tr>\r\n<tr>\r\n<td>Publica\u00e7\u00f5es</td>\r\n<td>publicacoes@itaunadosul.pr.leg.br</td>\r\n</tr>\r\n<tr>\r\n<td>Contadora</td>\r\n<td>anapaula.vianna@itaunadosul.pr.leg.br</td>\r\n</tr>\r\n<tr>\r\n<td>Controle Interno</td>\r\n<td>controleinterno@itaunadosul.pr.leg.br</td>\r\n</tr>\r\n<tr>\r\n<td>Agente Administrativo</td>\r\n<td>walter.fernandes@itaunadosul.pr.leg.br</td>\r\n</tr>\r\n<tr>\r\n<td>Assessora Parlamentar</td>\r\n<td>beatriz.santos@itaunadosul.pr.leg.br</td>\r\n</tr>\r\n</tbody>\r\n</table>\r\n<table class=\"listing\">\r\n<tbody>\r\n<tr><th colspan=\"2\" style=\"text-align: center; \">Vereadores</th></tr>\r\n<tr>\r\n<td>Ad\u00e3o Luiz Romanelli</td>\r\n<td>adao.romanelli@itaunadosul.pr.leg.br</td>\r\n</tr>\r\n<tr>\r\n<td>Dercino Leonildo de S\u00e1</td>\r\n<td>dercino.sa@itaunadosul.pr.leg.br</td>\r\n</tr>\r\n<tr>\r\n<td>\r\n<p>Everton Marcelo Dias Rosa</p>\r\n</td>\r\n<td><span>everton.marcelo@itaunadosul.pr.leg.br</span></td>\r\n</tr>\r\n<tr>\r\n<td>Israel dos Santos</td>\r\n<td>israel.santos@itaunadosul.pr.leg.br</td>\r\n</tr>\r\n<tr>\r\n<td>Jo\u00e3o Paulo Bel\u00e9m</td>\r\n<td>joao.belem@itaunadosul.pr.leg.br</td>\r\n</tr>\r\n<tr>\r\n<td><span>Hudson Taylor dos Reis Lima</span></td>\r\n<td><span>hudson.taylor@itaunadosul.pr.leg.br</span></td>\r\n</tr>\r\n<tr>\r\n<td><span>Rosana Maria Francisco</span></td>\r\n<td><span>rosana.maria@itaunadosul.pr.leg.br</span></td>\r\n</tr>\r\n<tr>\r\n<td>Valdeir Aparecido Laureano</td>\r\n<td>valdeir.laureano@itaunadosul.pr.leg.br</td>\r\n</tr>\r\n<tr>\r\n<td>Silvio de Mazzi dos Santos</td>\r\n<td>silvio.mazzi@itaunadosul.pr.leg.br</td>\r\n</tr>\r\n</tbody>\r\n</table>\r\n<table class=\"listing\">\r\n<tbody>\r\n<tr><th colspan=\"2\" style=\"text-align: center; \">Comiss\u00f5es</th></tr>\r\n<tr>\r\n<td>Comiss\u00e3o de Legisla\u00e7\u00e3o, Justi\u00e7a e Reda\u00e7\u00e3o Final</td>\r\n<td>cljrf@itaunadosul.pr.leg.br</td>\r\n</tr>\r\n<tr>\r\n<td>Comiss\u00e3o de Finan\u00e7as e Or\u00e7amento</td>\r\n<td>cfo@itaunadosul.pr.leg.br</td>\r\n</tr>\r\n<tr>\r\n<td>Comiss\u00e3o de Educa\u00e7\u00e3o, Sa\u00fade e Assist\u00eancia Social</td>\r\n<td>cesas@itaunadosul.pr.leg.br\u00a0</td>\r\n</tr>\r\n<tr>\r\n<td>Comiss\u00e3o de Obras e Servi\u00e7os P\u00fablicos</td>\r\n<td>cosp@itaunadosul.pr.leg.br</td>\r\n</tr>\r\n</tbody>\r\n</table>", "author_name": "camara", "version": "1.0", "author_url": "https://www.itaunadosul.pr.leg.br/author/camara", "provider_name": "C\u00e2mara Municipal", "type": "rich"}